{"id":43311,"date":"2025-10-27T16:00:28","date_gmt":"2025-10-27T15:00:28","guid":{"rendered":"https:\/\/manter.com\/?p=43311"},"modified":"2025-10-28T09:59:22","modified_gmt":"2025-10-28T08:59:22","slug":"manter-opent-nieuwe-vestiging-in-scandinavie-manter-nordic","status":"publish","type":"post","link":"https:\/\/manter.com\/nl\/manter-opent-nieuwe-vestiging-in-scandinavie-manter-nordic\/","title":{"rendered":"Manter opent nieuwe vestiging in Scandinavi\u00eb: Manter Nordic"},"content":{"rendered":"\t\t<div data-elementor-type=\"wp-post\" data-elementor-id=\"43311\" class=\"elementor elementor-43311 elementor-43277\" data-elementor-post-type=\"post\">\n\t\t\t\t\t\t<section class=\"elementor-section elementor-top-section elementor-element elementor-element-d30b15f elementor-section-boxed elementor-section-height-default elementor-section-height-default\" data-id=\"d30b15f\" data-element_type=\"section\" data-e-type=\"section\">\n\t\t\t\t\t\t<div class=\"elementor-container elementor-column-gap-default\">\n\t\t\t\t\t<div class=\"elementor-column elementor-col-100 elementor-top-column elementor-element elementor-element-5666d14\" data-id=\"5666d14\" data-element_type=\"column\" data-e-type=\"column\">\n\t\t\t<div class=\"elementor-widget-wrap elementor-element-populated\">\n\t\t\t\t\t\t<div class=\"elementor-element elementor-element-ec9fd5e elementor-widget elementor-widget-text-editor\" data-id=\"ec9fd5e\" data-element_type=\"widget\" data-e-type=\"widget\" data-widget_type=\"text-editor.default\">\n\t\t\t\t<div class=\"elementor-widget-container\">\n\t\t\t\t\t\t\t\t\t<p><em><b><span style=\"font-family: 'Calibri',sans-serif; color: #0f0f0f;\">Per 1 oktober is het officieel: Manter breidt haar internationale activiteiten uit met de oprichting van Manter Nordic, een nieuwe vestiging gericht op de Scandinavische markt. Vanuit deze vestiging worden de landen Denemarken, Noorwegen, Zweden en IJsland bediend. In samenwerking met Kenneth Rasmussen, een ervaren partner in de regio, kan Manter Nordic een volledige lijn van weeg-, verpakkings- en palletiseermachines aanbieden, inclusief sorteer- en kwaliteitscontrolesystemen. Daarnaast kan Manter met een eigen vestiging in Scandinavi\u00eb effici\u00ebnter en beter lokale service verlenen. Deze stap speelt in op de groeiende vraag naar effici\u00ebnte en betrouwbare oplossingen in de agrofoodsector en versterkt Manters positie in Scandinavi\u00eb.    <\/span><\/b><\/em><\/p>\t\t\t\t\t\t\t\t<\/div>\n\t\t\t\t<\/div>\n\t\t\t\t<div class=\"elementor-element elementor-element-2474554 elementor-widget elementor-widget-heading\" data-id=\"2474554\" data-element_type=\"widget\" data-e-type=\"widget\" data-widget_type=\"heading.default\">\n\t\t\t\t<div class=\"elementor-widget-container\">\n\t\t\t\t\t<h2 class=\"elementor-heading-title elementor-size-large\">Manter Nordic<\/h2>\t\t\t\t<\/div>\n\t\t\t\t<\/div>\n\t\t\t\t<div class=\"elementor-element elementor-element-a1309f7 elementor-widget elementor-widget-text-editor\" data-id=\"a1309f7\" data-element_type=\"widget\" data-e-type=\"widget\" data-widget_type=\"text-editor.default\">\n\t\t\t\t<div class=\"elementor-widget-container\">\n\t\t\t\t\t\t\t\t\t<p><span style=\"font-family: 'Calibri',sans-serif; color: #0f0f0f;\">Manter ontwerpt en verkoopt weeg-, verpakkings- en palletiseermachines voor onder andere groente, fruit en aardappelen, maar ook noten, houtskool en bijvoorbeeld diepgevroren vis. Met de oprichting van Manter Nordic zet Manter een strategische stap richting Scandinavi\u00eb, een regio met veel potentie. De nieuwe vestiging is een samenwerking met Kenneth Rasmussen, met wie Manter al eerder succesvol samenwerkte via een dealerschap.  <\/span><\/p><p><span style=\"font-family: 'Calibri',sans-serif; color: #0f0f0f;\">\u201cDe afgelopen periode hebben we samen mooie resultaten geboekt,\u201d stelt Michiel Eilander, Commercieel Directeur van Manter International. \u201cDat gaf ons het vertrouwen om deze stap te zetten.\u201d Kenneth Rasmussen licht toe: \u201cIk zag ook veel potentieel in het Manter-assortiment, vooral nu de aardappelbranche een periode van goede winst heeft doorgemaakt. Toen Manter mij vervolgens benaderde met de mogelijkheid voor een samenwerking, was het voor mij dan ook geen langdurig besluitvormingsproces.\u201d  <\/span><\/p><p><span style=\"font-family: 'Calibri',sans-serif; color: #0f0f0f;\">Kenneth Rasmussen ziet volop kansen in de regio: \u201cDe markt voor aardappelen, uien en andere groenten is goed ontwikkeld. Veel producenten investeren momenteel in het upgraden van hun lijnen, met aandacht voor capaciteit, kwaliteit en automatisering.\u201d Manter Nordic vertegenwoordigt, naast Manter zelf, ook andere merken zoals Flikweert en Jongejans. Dankzij deze samenwerking kan Manter Nordic een complete lijn aanbieden: van wegen, verpakken en palletiseren tot sorteren, kwaliteitscontroles en afzuigingssystemen. Deze brede aanpak sluit perfect aan bij de groeiende vraag naar ge\u00efntegreerde totaaloplossingen in de regio.    <\/span><\/p><p><span style=\"font-family: 'Calibri',sans-serif; color: #0f0f0f;\">Met een lokale vestiging in Scandinavi\u00eb biedt Manter klanten het voordeel van snellere service en onderhoud op locatie, dankzij aanzienlijk verkorte reistijden. Door directe communicatie met de fabriek profiteren klanten altijd van actuele expertise en ondersteuning die op hun behoeften is afgestemd. Bovendien draagt communicatie in de lokale taal bij aan het opbouwen van vertrouwen en het verbeteren van het begrip, wat resulteert in een hoger serviceniveau en Manters betrokkenheid bij haar klanten in de regio versterkt.  <\/span><\/p>\t\t\t\t\t\t\t\t<\/div>\n\t\t\t\t<\/div>\n\t\t\t\t<div class=\"elementor-element elementor-element-c9db8aa elementor-widget elementor-widget-heading\" data-id=\"c9db8aa\" data-element_type=\"widget\" data-e-type=\"widget\" data-widget_type=\"heading.default\">\n\t\t\t\t<div class=\"elementor-widget-container\">\n\t\t\t\t\t<h2 class=\"elementor-heading-title elementor-size-large\">Veelbelovende start<\/h2>\t\t\t\t<\/div>\n\t\t\t\t<\/div>\n\t\t\t\t<div class=\"elementor-element elementor-element-a0fd519 elementor-widget elementor-widget-text-editor\" data-id=\"a0fd519\" data-element_type=\"widget\" data-e-type=\"widget\" data-widget_type=\"text-editor.default\">\n\t\t\t\t<div class=\"elementor-widget-container\">\n\t\t\t\t\t\t\t\t\t<p><span style=\"font-family: 'Calibri',sans-serif; color: #0f0f0f;\">De start van Manter Nordic is veelbelovend: via Kenneth Rasmussen zijn al meerdere lijnen met machines van Manter, Flikweert en Jongejans verkocht in de regio. Kenneth kijkt uit naar het verder uitbouwen van relaties met telers en verpakkingsbedrijven in Scandinavi\u00eb: \u201cHet is geweldig om Nederlandse techniek te combineren met lokale betrokkenheid. We hebben een sterk merk en een solide serviceorganisatie, de vooruitzichten zijn uitstekend.\u201d<br> <\/span><\/p>\t\t\t\t\t\t\t\t<\/div>\n\t\t\t\t<\/div>\n\t\t\t\t\t<\/div>\n\t\t<\/div>\n\t\t\t\t\t<\/div>\n\t\t<\/section>\n\t\t\t\t<section class=\"elementor-section elementor-top-section elementor-element elementor-element-4baa124 elementor-section-boxed elementor-section-height-default elementor-section-height-default\" data-id=\"4baa124\" data-element_type=\"section\" data-e-type=\"section\">\n\t\t\t\t\t\t<div class=\"elementor-container elementor-column-gap-default\">\n\t\t\t\t\t<div class=\"elementor-column elementor-col-100 elementor-top-column elementor-element elementor-element-77d5e77\" data-id=\"77d5e77\" data-element_type=\"column\" data-e-type=\"column\">\n\t\t\t<div class=\"elementor-widget-wrap elementor-element-populated\">\n\t\t\t\t\t\t<div class=\"elementor-element elementor-element-cba7e68 elementor-widget elementor-widget-spacer\" data-id=\"cba7e68\" data-element_type=\"widget\" data-e-type=\"widget\" data-widget_type=\"spacer.default\">\n\t\t\t\t<div class=\"elementor-widget-container\">\n\t\t\t\t\t\t\t<div class=\"elementor-spacer\">\n\t\t\t<div class=\"elementor-spacer-inner\"><\/div>\n\t\t<\/div>\n\t\t\t\t\t\t<\/div>\n\t\t\t\t<\/div>\n\t\t\t\t\t<\/div>\n\t\t<\/div>\n\t\t\t\t\t<\/div>\n\t\t<\/section>\n\t\t\t\t<section class=\"elementor-section elementor-top-section elementor-element elementor-element-cfbc4f2 elementor-section-boxed elementor-section-height-default elementor-section-height-default\" data-id=\"cfbc4f2\" data-element_type=\"section\" data-e-type=\"section\">\n\t\t\t\t\t\t<div class=\"elementor-container elementor-column-gap-default\">\n\t\t\t\t\t<div class=\"elementor-column elementor-col-100 elementor-top-column elementor-element elementor-element-6f4fb54\" data-id=\"6f4fb54\" data-element_type=\"column\" data-e-type=\"column\">\n\t\t\t<div class=\"elementor-widget-wrap elementor-element-populated\">\n\t\t\t\t\t\t<div class=\"elementor-element elementor-element-ef791a9 elementor-widget elementor-widget-image\" data-id=\"ef791a9\" data-element_type=\"widget\" data-e-type=\"widget\" data-widget_type=\"image.default\">\n\t\t\t\t<div class=\"elementor-widget-container\">\n\t\t\t\t\t\t\t\t\t\t\t\t\t\t\t\t<a href=\"https:\/\/www.manternordic.com\/en\" target=\"_blank\">\n\t\t\t\t\t\t\t<img fetchpriority=\"high\" decoding=\"async\" width=\"400\" height=\"150\" src=\"https:\/\/manter.com\/wp-content\/uploads\/2025\/10\/logo-black-Manter-Nordic.png\" class=\"attachment-large size-large wp-image-43299\" alt=\"\" srcset=\"https:\/\/manter.com\/wp-content\/uploads\/2025\/10\/logo-black-Manter-Nordic.png 400w, https:\/\/manter.com\/wp-content\/uploads\/2025\/10\/logo-black-Manter-Nordic-300x113.png 300w\" sizes=\"(max-width: 400px) 100vw, 400px\" \/>\t\t\t\t\t\t\t\t<\/a>\n\t\t\t\t\t\t\t\t\t\t\t\t\t\t\t<\/div>\n\t\t\t\t<\/div>\n\t\t\t\t\t<\/div>\n\t\t<\/div>\n\t\t\t\t\t<\/div>\n\t\t<\/section>\n\t\t\t\t<\/div>\n\t\t","protected":false},"excerpt":{"rendered":"<p>Per 1 oktober is het officieel: Manter breidt haar internationale activiteiten uit met de oprichting van Manter Nordic, een nieuwe vestiging gericht op de Scandinavische markt. Vanuit deze vestiging worden de landen Denemarken, Noorwegen, Zweden en IJsland bediend. In samenwerking met Kenneth Rasmussen, een ervaren partner in de regio, kan &#8230;<\/p>\n","protected":false},"author":3,"featured_media":43322,"comment_status":"closed","ping_status":"closed","sticky":false,"template":"","format":"standard","meta":{"_acf_changed":false,"inline_featured_image":false,"footnotes":""},"categories":[1],"tags":[],"class_list":["post-43311","post","type-post","status-publish","format-standard","has-post-thumbnail","hentry","category-nieuws"],"acf":[],"yoast_head":"<!-- This site is optimized with the Yoast SEO plugin v27.3 - https:\/\/yoast.com\/product\/yoast-seo-wordpress\/ -->\n<title>Manter opent nieuwe vestiging in Scandinavi\u00eb: Manter Nordic - Manter<\/title>\n<meta name=\"robots\" content=\"index, follow, max-snippet:-1, max-image-preview:large, max-video-preview:-1\" \/>\n<link rel=\"canonical\" href=\"https:\/\/manter.com\/nl\/manter-opent-nieuwe-vestiging-in-scandinavie-manter-nordic\/\" \/>\n<meta property=\"og:locale\" content=\"nl_NL\" \/>\n<meta property=\"og:type\" content=\"article\" \/>\n<meta property=\"og:title\" content=\"Manter opent nieuwe vestiging in Scandinavi\u00eb: Manter Nordic - Manter\" \/>\n<meta property=\"og:description\" content=\"Per 1 oktober is het officieel: Manter breidt haar internationale activiteiten uit met de oprichting van Manter Nordic, een nieuwe vestiging gericht op de Scandinavische markt. Vanuit deze vestiging worden de landen Denemarken, Noorwegen, Zweden en IJsland bediend. In samenwerking met Kenneth Rasmussen, een ervaren partner in de regio, kan ...\" \/>\n<meta property=\"og:url\" content=\"https:\/\/manter.com\/nl\/manter-opent-nieuwe-vestiging-in-scandinavie-manter-nordic\/\" \/>\n<meta property=\"og:site_name\" content=\"Manter\" \/>\n<meta property=\"article:publisher\" content=\"https:\/\/www.facebook.com\/Manterweighingandpacking\" \/>\n<meta property=\"article:published_time\" content=\"2025-10-27T15:00:28+00:00\" \/>\n<meta property=\"article:modified_time\" content=\"2025-10-28T08:59:22+00:00\" \/>\n<meta property=\"og:image\" content=\"https:\/\/manter.com\/wp-content\/uploads\/2025\/10\/Manter-Nordic-banner.jpg\" \/>\n\t<meta property=\"og:image:width\" content=\"1200\" \/>\n\t<meta property=\"og:image:height\" content=\"660\" \/>\n\t<meta property=\"og:image:type\" content=\"image\/jpeg\" \/>\n<meta name=\"author\" content=\"Marketing\" \/>\n<meta name=\"twitter:card\" content=\"summary_large_image\" \/>\n<meta name=\"twitter:label1\" content=\"Geschreven door\" \/>\n\t<meta name=\"twitter:data1\" content=\"Marketing\" \/>\n\t<meta name=\"twitter:label2\" content=\"Geschatte leestijd\" \/>\n\t<meta name=\"twitter:data2\" content=\"2 minuten\" \/>\n<script type=\"application\/ld+json\" class=\"yoast-schema-graph\">{\"@context\":\"https:\\\/\\\/schema.org\",\"@graph\":[{\"@type\":\"Article\",\"@id\":\"https:\\\/\\\/manter.com\\\/nl\\\/manter-opent-nieuwe-vestiging-in-scandinavie-manter-nordic\\\/#article\",\"isPartOf\":{\"@id\":\"https:\\\/\\\/manter.com\\\/nl\\\/manter-opent-nieuwe-vestiging-in-scandinavie-manter-nordic\\\/\"},\"author\":{\"name\":\"Marketing\",\"@id\":\"https:\\\/\\\/manter.com\\\/#\\\/schema\\\/person\\\/cbdaf8b4be7c74b5ed20f61847eda403\"},\"headline\":\"Manter opent nieuwe vestiging in Scandinavi\u00eb: Manter Nordic\",\"datePublished\":\"2025-10-27T15:00:28+00:00\",\"dateModified\":\"2025-10-28T08:59:22+00:00\",\"mainEntityOfPage\":{\"@id\":\"https:\\\/\\\/manter.com\\\/nl\\\/manter-opent-nieuwe-vestiging-in-scandinavie-manter-nordic\\\/\"},\"wordCount\":472,\"publisher\":{\"@id\":\"https:\\\/\\\/manter.com\\\/#organization\"},\"image\":{\"@id\":\"https:\\\/\\\/manter.com\\\/nl\\\/manter-opent-nieuwe-vestiging-in-scandinavie-manter-nordic\\\/#primaryimage\"},\"thumbnailUrl\":\"https:\\\/\\\/manter.com\\\/wp-content\\\/uploads\\\/2025\\\/10\\\/Manter-Nordic-banner.jpg\",\"articleSection\":[\"Nieuws\"],\"inLanguage\":\"nl-NL\"},{\"@type\":\"WebPage\",\"@id\":\"https:\\\/\\\/manter.com\\\/nl\\\/manter-opent-nieuwe-vestiging-in-scandinavie-manter-nordic\\\/\",\"url\":\"https:\\\/\\\/manter.com\\\/nl\\\/manter-opent-nieuwe-vestiging-in-scandinavie-manter-nordic\\\/\",\"name\":\"Manter opent nieuwe vestiging in Scandinavi\u00eb: Manter Nordic - Manter\",\"isPartOf\":{\"@id\":\"https:\\\/\\\/manter.com\\\/#website\"},\"primaryImageOfPage\":{\"@id\":\"https:\\\/\\\/manter.com\\\/nl\\\/manter-opent-nieuwe-vestiging-in-scandinavie-manter-nordic\\\/#primaryimage\"},\"image\":{\"@id\":\"https:\\\/\\\/manter.com\\\/nl\\\/manter-opent-nieuwe-vestiging-in-scandinavie-manter-nordic\\\/#primaryimage\"},\"thumbnailUrl\":\"https:\\\/\\\/manter.com\\\/wp-content\\\/uploads\\\/2025\\\/10\\\/Manter-Nordic-banner.jpg\",\"datePublished\":\"2025-10-27T15:00:28+00:00\",\"dateModified\":\"2025-10-28T08:59:22+00:00\",\"breadcrumb\":{\"@id\":\"https:\\\/\\\/manter.com\\\/nl\\\/manter-opent-nieuwe-vestiging-in-scandinavie-manter-nordic\\\/#breadcrumb\"},\"inLanguage\":\"nl-NL\",\"potentialAction\":[{\"@type\":\"ReadAction\",\"target\":[\"https:\\\/\\\/manter.com\\\/nl\\\/manter-opent-nieuwe-vestiging-in-scandinavie-manter-nordic\\\/\"]}]},{\"@type\":\"ImageObject\",\"inLanguage\":\"nl-NL\",\"@id\":\"https:\\\/\\\/manter.com\\\/nl\\\/manter-opent-nieuwe-vestiging-in-scandinavie-manter-nordic\\\/#primaryimage\",\"url\":\"https:\\\/\\\/manter.com\\\/wp-content\\\/uploads\\\/2025\\\/10\\\/Manter-Nordic-banner.jpg\",\"contentUrl\":\"https:\\\/\\\/manter.com\\\/wp-content\\\/uploads\\\/2025\\\/10\\\/Manter-Nordic-banner.jpg\",\"width\":1200,\"height\":660},{\"@type\":\"BreadcrumbList\",\"@id\":\"https:\\\/\\\/manter.com\\\/nl\\\/manter-opent-nieuwe-vestiging-in-scandinavie-manter-nordic\\\/#breadcrumb\",\"itemListElement\":[{\"@type\":\"ListItem\",\"position\":1,\"name\":\"Home\",\"item\":\"https:\\\/\\\/manter.com\\\/\"},{\"@type\":\"ListItem\",\"position\":2,\"name\":\"Manter opent nieuwe vestiging in Scandinavi\u00eb: Manter Nordic\"}]},{\"@type\":\"WebSite\",\"@id\":\"https:\\\/\\\/manter.com\\\/#website\",\"url\":\"https:\\\/\\\/manter.com\\\/\",\"name\":\"Manter\",\"description\":\"Weighing &amp; Packaging Equipment\",\"publisher\":{\"@id\":\"https:\\\/\\\/manter.com\\\/#organization\"},\"potentialAction\":[{\"@type\":\"SearchAction\",\"target\":{\"@type\":\"EntryPoint\",\"urlTemplate\":\"https:\\\/\\\/manter.com\\\/?s={search_term_string}\"},\"query-input\":{\"@type\":\"PropertyValueSpecification\",\"valueRequired\":true,\"valueName\":\"search_term_string\"}}],\"inLanguage\":\"nl-NL\"},{\"@type\":\"Organization\",\"@id\":\"https:\\\/\\\/manter.com\\\/#organization\",\"name\":\"Manter\",\"url\":\"https:\\\/\\\/manter.com\\\/\",\"logo\":{\"@type\":\"ImageObject\",\"inLanguage\":\"nl-NL\",\"@id\":\"https:\\\/\\\/manter.com\\\/#\\\/schema\\\/logo\\\/image\\\/\",\"url\":\"https:\\\/\\\/manter.com\\\/wp-content\\\/uploads\\\/2022\\\/04\\\/Logo-Manter-wit.svg\",\"contentUrl\":\"https:\\\/\\\/manter.com\\\/wp-content\\\/uploads\\\/2022\\\/04\\\/Logo-Manter-wit.svg\",\"width\":363,\"height\":77,\"caption\":\"Manter\"},\"image\":{\"@id\":\"https:\\\/\\\/manter.com\\\/#\\\/schema\\\/logo\\\/image\\\/\"},\"sameAs\":[\"https:\\\/\\\/www.facebook.com\\\/Manterweighingandpacking\",\"https:\\\/\\\/www.youtube.com\\\/c\\\/ManterInternationalBV\",\"https:\\\/\\\/www.linkedin.com\\\/company\\\/manter-international-bv\\\/mycompany\\\/\",\"https:\\\/\\\/www.instagram.com\\\/manterinternational\\\/\"]},{\"@type\":\"Person\",\"@id\":\"https:\\\/\\\/manter.com\\\/#\\\/schema\\\/person\\\/cbdaf8b4be7c74b5ed20f61847eda403\",\"name\":\"Marketing\",\"url\":\"https:\\\/\\\/manter.com\\\/nl\\\/author\\\/marketing\\\/\"}]}<\/script>\n<!-- \/ Yoast SEO plugin. -->","yoast_head_json":{"title":"Manter opent nieuwe vestiging in Scandinavi\u00eb: Manter Nordic - Manter","robots":{"index":"index","follow":"follow","max-snippet":"max-snippet:-1","max-image-preview":"max-image-preview:large","max-video-preview":"max-video-preview:-1"},"canonical":"https:\/\/manter.com\/nl\/manter-opent-nieuwe-vestiging-in-scandinavie-manter-nordic\/","og_locale":"nl_NL","og_type":"article","og_title":"Manter opent nieuwe vestiging in Scandinavi\u00eb: Manter Nordic - Manter","og_description":"Per 1 oktober is het officieel: Manter breidt haar internationale activiteiten uit met de oprichting van Manter Nordic, een nieuwe vestiging gericht op de Scandinavische markt. Vanuit deze vestiging worden de landen Denemarken, Noorwegen, Zweden en IJsland bediend. In samenwerking met Kenneth Rasmussen, een ervaren partner in de regio, kan ...","og_url":"https:\/\/manter.com\/nl\/manter-opent-nieuwe-vestiging-in-scandinavie-manter-nordic\/","og_site_name":"Manter","article_publisher":"https:\/\/www.facebook.com\/Manterweighingandpacking","article_published_time":"2025-10-27T15:00:28+00:00","article_modified_time":"2025-10-28T08:59:22+00:00","og_image":[{"width":1200,"height":660,"url":"https:\/\/manter.com\/wp-content\/uploads\/2025\/10\/Manter-Nordic-banner.jpg","type":"image\/jpeg"}],"author":"Marketing","twitter_card":"summary_large_image","twitter_misc":{"Geschreven door":"Marketing","Geschatte leestijd":"2 minuten"},"schema":{"@context":"https:\/\/schema.org","@graph":[{"@type":"Article","@id":"https:\/\/manter.com\/nl\/manter-opent-nieuwe-vestiging-in-scandinavie-manter-nordic\/#article","isPartOf":{"@id":"https:\/\/manter.com\/nl\/manter-opent-nieuwe-vestiging-in-scandinavie-manter-nordic\/"},"author":{"name":"Marketing","@id":"https:\/\/manter.com\/#\/schema\/person\/cbdaf8b4be7c74b5ed20f61847eda403"},"headline":"Manter opent nieuwe vestiging in Scandinavi\u00eb: Manter Nordic","datePublished":"2025-10-27T15:00:28+00:00","dateModified":"2025-10-28T08:59:22+00:00","mainEntityOfPage":{"@id":"https:\/\/manter.com\/nl\/manter-opent-nieuwe-vestiging-in-scandinavie-manter-nordic\/"},"wordCount":472,"publisher":{"@id":"https:\/\/manter.com\/#organization"},"image":{"@id":"https:\/\/manter.com\/nl\/manter-opent-nieuwe-vestiging-in-scandinavie-manter-nordic\/#primaryimage"},"thumbnailUrl":"https:\/\/manter.com\/wp-content\/uploads\/2025\/10\/Manter-Nordic-banner.jpg","articleSection":["Nieuws"],"inLanguage":"nl-NL"},{"@type":"WebPage","@id":"https:\/\/manter.com\/nl\/manter-opent-nieuwe-vestiging-in-scandinavie-manter-nordic\/","url":"https:\/\/manter.com\/nl\/manter-opent-nieuwe-vestiging-in-scandinavie-manter-nordic\/","name":"Manter opent nieuwe vestiging in Scandinavi\u00eb: Manter Nordic - Manter","isPartOf":{"@id":"https:\/\/manter.com\/#website"},"primaryImageOfPage":{"@id":"https:\/\/manter.com\/nl\/manter-opent-nieuwe-vestiging-in-scandinavie-manter-nordic\/#primaryimage"},"image":{"@id":"https:\/\/manter.com\/nl\/manter-opent-nieuwe-vestiging-in-scandinavie-manter-nordic\/#primaryimage"},"thumbnailUrl":"https:\/\/manter.com\/wp-content\/uploads\/2025\/10\/Manter-Nordic-banner.jpg","datePublished":"2025-10-27T15:00:28+00:00","dateModified":"2025-10-28T08:59:22+00:00","breadcrumb":{"@id":"https:\/\/manter.com\/nl\/manter-opent-nieuwe-vestiging-in-scandinavie-manter-nordic\/#breadcrumb"},"inLanguage":"nl-NL","potentialAction":[{"@type":"ReadAction","target":["https:\/\/manter.com\/nl\/manter-opent-nieuwe-vestiging-in-scandinavie-manter-nordic\/"]}]},{"@type":"ImageObject","inLanguage":"nl-NL","@id":"https:\/\/manter.com\/nl\/manter-opent-nieuwe-vestiging-in-scandinavie-manter-nordic\/#primaryimage","url":"https:\/\/manter.com\/wp-content\/uploads\/2025\/10\/Manter-Nordic-banner.jpg","contentUrl":"https:\/\/manter.com\/wp-content\/uploads\/2025\/10\/Manter-Nordic-banner.jpg","width":1200,"height":660},{"@type":"BreadcrumbList","@id":"https:\/\/manter.com\/nl\/manter-opent-nieuwe-vestiging-in-scandinavie-manter-nordic\/#breadcrumb","itemListElement":[{"@type":"ListItem","position":1,"name":"Home","item":"https:\/\/manter.com\/"},{"@type":"ListItem","position":2,"name":"Manter opent nieuwe vestiging in Scandinavi\u00eb: Manter Nordic"}]},{"@type":"WebSite","@id":"https:\/\/manter.com\/#website","url":"https:\/\/manter.com\/","name":"Manter","description":"Weighing &amp; Packaging Equipment","publisher":{"@id":"https:\/\/manter.com\/#organization"},"potentialAction":[{"@type":"SearchAction","target":{"@type":"EntryPoint","urlTemplate":"https:\/\/manter.com\/?s={search_term_string}"},"query-input":{"@type":"PropertyValueSpecification","valueRequired":true,"valueName":"search_term_string"}}],"inLanguage":"nl-NL"},{"@type":"Organization","@id":"https:\/\/manter.com\/#organization","name":"Manter","url":"https:\/\/manter.com\/","logo":{"@type":"ImageObject","inLanguage":"nl-NL","@id":"https:\/\/manter.com\/#\/schema\/logo\/image\/","url":"https:\/\/manter.com\/wp-content\/uploads\/2022\/04\/Logo-Manter-wit.svg","contentUrl":"https:\/\/manter.com\/wp-content\/uploads\/2022\/04\/Logo-Manter-wit.svg","width":363,"height":77,"caption":"Manter"},"image":{"@id":"https:\/\/manter.com\/#\/schema\/logo\/image\/"},"sameAs":["https:\/\/www.facebook.com\/Manterweighingandpacking","https:\/\/www.youtube.com\/c\/ManterInternationalBV","https:\/\/www.linkedin.com\/company\/manter-international-bv\/mycompany\/","https:\/\/www.instagram.com\/manterinternational\/"]},{"@type":"Person","@id":"https:\/\/manter.com\/#\/schema\/person\/cbdaf8b4be7c74b5ed20f61847eda403","name":"Marketing","url":"https:\/\/manter.com\/nl\/author\/marketing\/"}]}},"_links":{"self":[{"href":"https:\/\/manter.com\/nl\/wp-json\/wp\/v2\/posts\/43311","targetHints":{"allow":["GET"]}}],"collection":[{"href":"https:\/\/manter.com\/nl\/wp-json\/wp\/v2\/posts"}],"about":[{"href":"https:\/\/manter.com\/nl\/wp-json\/wp\/v2\/types\/post"}],"author":[{"embeddable":true,"href":"https:\/\/manter.com\/nl\/wp-json\/wp\/v2\/users\/3"}],"replies":[{"embeddable":true,"href":"https:\/\/manter.com\/nl\/wp-json\/wp\/v2\/comments?post=43311"}],"version-history":[{"count":3,"href":"https:\/\/manter.com\/nl\/wp-json\/wp\/v2\/posts\/43311\/revisions"}],"predecessor-version":[{"id":43330,"href":"https:\/\/manter.com\/nl\/wp-json\/wp\/v2\/posts\/43311\/revisions\/43330"}],"wp:featuredmedia":[{"embeddable":true,"href":"https:\/\/manter.com\/nl\/wp-json\/wp\/v2\/media\/43322"}],"wp:attachment":[{"href":"https:\/\/manter.com\/nl\/wp-json\/wp\/v2\/media?parent=43311"}],"wp:term":[{"taxonomy":"category","embeddable":true,"href":"https:\/\/manter.com\/nl\/wp-json\/wp\/v2\/categories?post=43311"},{"taxonomy":"post_tag","embeddable":true,"href":"https:\/\/manter.com\/nl\/wp-json\/wp\/v2\/tags?post=43311"}],"curies":[{"name":"wp","href":"https:\/\/api.w.org\/{rel}","templated":true}]}}